{"id":665,"date":"2013-05-30T11:09:00","date_gmt":"2013-05-30T09:09:00","guid":{"rendered":"https:\/\/redline-re.design\/?p=665"},"modified":"2024-01-30T12:02:03","modified_gmt":"2024-01-30T11:02:03","slug":"marbella-luxury-week-2013","status":"publish","type":"post","link":"https:\/\/www.redlinecompany.com\/es\/blog\/marbella-luxury-week-2013\/","title":{"rendered":"SEMANA DE LUJO DE MARBELLA 2013"},"content":{"rendered":"<p>Ponte los trapos y saca el talonario de cheques y ac\u00e9rcate a Puerto Ban\u00fas para asistir a la Marbella Luxury Week del 30<sup><span><\/span><\/sup>\u00a0de mayo (\u00a1ma\u00f1ana!) y el 2<sup>de<\/sup> junio de 2013. La alcaldesa de Marbella, \u00c1ngeles Mu\u00f1oz, inaugurar\u00e1 la feria y explicar\u00e1 que Marbella Luxury Week es una celebraci\u00f3n de la excelencia y la exclusividad en el sur de Europa.  En su tercera edici\u00f3n, la feria se ha convertido ya en una cita ineludible para todos los interesados en joyas, coches de lujo, barcos, gastronom\u00eda glamurosa a cargo de chefs con estrella Michelin como Dani Garc\u00eda (2 Estrellas Michelin) y moda como Gucci, Missoni, Salvatore Ferragamo... podr\u00edamos seguir, en otras palabras, el estilo de vida de Marbella.  Tambi\u00e9n participan importantes empresas de ocio, turismo, tecnolog\u00eda, restauraci\u00f3n e inmobiliarias.\u00a0<\/p>\r\n<p>By careful collaboration with major international brands, the organisers have made it possible to showcase some of the world\u2019s most exclusive shopping opportunities all under one roof.\u00a0 \u00a0\u00a0<\/p>\r\n<p>Con el patrocinio de marcas internacionales como Tag Heuer y Mercedes Benz, y una serie de colaboradores de alto nivel como American Express, Marbella Club, Puente Romano y los hoteles NH, el evento de este a\u00f1o va camino de superar el \u00e9xito del a\u00f1o pasado. Ni que decir tiene que el equipo de Redline est\u00e1 impaciente por llegar y echar un vistazo.<\/p>\r\n<p>Visite la web oficial para consultar el programa de actos en <a href=\"https:\/\/marbellaluxuryweekend.com\/\" target=\"_blank\" rel=\"noopener\">https:\/\/marbellaluxuryweekend.com\/<\/a><\/p>\r\n<p>&nbsp;<\/p>","protected":false},"excerpt":{"rendered":"<p>Put your glad rags on and your cheque book out, and make your way down to Puerto Ban\u00fas for the Marbella Luxury Week between the 30th\u00a0of May (tomorrow!) and the 2nd June 2013. The Mayoress of Marbella, \u00c1ngeles Mu\u00f1oz, will open the show, explaining that the Marbella Luxury Week is a celebration of excellence and [&hellip;]<\/p>\n","protected":false},"author":1,"featured_media":667,"comment_status":"closed","ping_status":"closed","sticky":false,"template":"","format":"standard","meta":{"_acf_changed":false,"content-type":"","footnotes":""},"categories":[5],"tags":[88],"class_list":["post-665","post","type-post","status-publish","format-standard","has-post-thumbnail","hentry","category-blog","tag-press"],"acf":[],"_links":{"self":[{"href":"https:\/\/www.redlinecompany.com\/es\/wp-json\/wp\/v2\/posts\/665","targetHints":{"allow":["GET"]}}],"collection":[{"href":"https:\/\/www.redlinecompany.com\/es\/wp-json\/wp\/v2\/posts"}],"about":[{"href":"https:\/\/www.redlinecompany.com\/es\/wp-json\/wp\/v2\/types\/post"}],"author":[{"embeddable":true,"href":"https:\/\/www.redlinecompany.com\/es\/wp-json\/wp\/v2\/users\/1"}],"replies":[{"embeddable":true,"href":"https:\/\/www.redlinecompany.com\/es\/wp-json\/wp\/v2\/comments?post=665"}],"version-history":[{"count":5,"href":"https:\/\/www.redlinecompany.com\/es\/wp-json\/wp\/v2\/posts\/665\/revisions"}],"predecessor-version":[{"id":11210,"href":"https:\/\/www.redlinecompany.com\/es\/wp-json\/wp\/v2\/posts\/665\/revisions\/11210"}],"wp:featuredmedia":[{"embeddable":true,"href":"https:\/\/www.redlinecompany.com\/es\/wp-json\/wp\/v2\/media\/667"}],"wp:attachment":[{"href":"https:\/\/www.redlinecompany.com\/es\/wp-json\/wp\/v2\/media?parent=665"}],"wp:term":[{"taxonomy":"category","embeddable":true,"href":"https:\/\/www.redlinecompany.com\/es\/wp-json\/wp\/v2\/categories?post=665"},{"taxonomy":"post_tag","embeddable":true,"href":"https:\/\/www.redlinecompany.com\/es\/wp-json\/wp\/v2\/tags?post=665"}],"curies":[{"name":"wp","href":"https:\/\/api.w.org\/{rel}","templated":true}]}}